{"id":3486,"date":"2026-03-31T16:12:23","date_gmt":"2026-03-31T16:12:23","guid":{"rendered":"https:\/\/espaiermengol.cat\/?post_type=noticies&#038;p=3486"},"modified":"2026-03-31T16:12:53","modified_gmt":"2026-03-31T16:12:53","slug":"nova-edicio-del-cicle-recerca-jove-durant-el-mes-dabril","status":"publish","type":"noticies","link":"https:\/\/espaiermengol.cat\/esp\/noticies\/nova-edicio-del-cicle-recerca-jove-durant-el-mes-dabril\/","title":{"rendered":"Nova edici\u00f3 del cicle \u00abRecerca Jove\u00bb durant el mes d\u2019abril"},"content":{"rendered":"<p class=\"wp-block-paragraph\" id=\"parent-fieldname-description\">L\u2019Espai Ermengol i l\u2019Institut Joan Brudieu impulsen la divulgaci\u00f3 de la recerca local.<\/p>\n\n\n\n<p class=\"wp-block-paragraph\">L\u2019Espai Ermengol-Museu de la Ciutat de la Seu d\u2019Urgell, en col\u00b7laboraci\u00f3 amb l\u2019Institut Joan Brudieu, presenta una nova edici\u00f3 del cicle&nbsp;<strong>Recerca Jove<\/strong>, una iniciativa dedicada a donar veu i visibilitat als treballs de recerca realitzats per l\u2019alumnat de batxillerat del territori.<\/p>\n\n\n\n<p class=\"wp-block-paragraph\">Aquest cicle s\u2019ha consolidat com una plataforma fonamental per con\u00e8ixer projectes de gran qualitat que ofereixen una mirada cr\u00edtica i innovadora sobre \u00e0mbits tan diversos com la hist\u00f2ria, la societat, el turisme o l\u2019arquitectura. Les sessions tindran lloc tots els&nbsp;<strong>dimecres del proper mes d\u2019abril a les 19.00 hores a l\u2019Espai Ermengol<\/strong>&nbsp;i s\u00f3n obertes a tota la ciutadania.&nbsp;<\/p>\n\n\n\n<p class=\"wp-block-paragraph\"><strong>Programa de pon\u00e8ncies<\/strong><\/p>\n\n\n\n<p class=\"wp-block-paragraph\">El calendari d\u2019enguany inclou quatre presentacions destacades:<\/p>\n\n\n\n<ul class=\"wp-block-list\">\n<li><strong>Dimecres 8 d\u2019abril:<\/strong>&nbsp;<em>'La flor de l\u2019autisme i la inf\u00e0ncia'<\/em>, a c\u00e0rrec de&nbsp;<strong>Shirley Beltri Ortiz<\/strong>. La sessi\u00f3 s\u2019emmarca en el Dia Mundial de Conscienciaci\u00f3 sobre l\u2019Autisme.<\/li>\n\n\n\n<li><strong>Dimecres 15 d\u2019abril:<\/strong>&nbsp;<em>'Hist\u00f2ria dels gegants de la Seu d\u2019Urgell'<\/em>, a c\u00e0rrec de&nbsp;<strong>Rub\u00e9n Segarra Ferrer<\/strong>. Pon\u00e8ncia vinculada a la celebraci\u00f3 de la Fira del M\u00f3n Geganter, que tindr\u00e0 lloc a la Seu d\u2019Urgell del 17 al 19 d\u2019abril.<\/li>\n\n\n\n<li><strong>Dimecres 22 d\u2019abril:<\/strong>&nbsp;<em>'Turisme a la Seu d\u2019Urgell: Contrast entre la imatge promocionada i la percepci\u00f3 del visitant'<\/em>, a c\u00e0rrec de&nbsp;<strong>Ruth Garreta Capdevila<\/strong>.<\/li>\n\n\n\n<li><strong>Dimecres 29 d\u2019abril:<\/strong>&nbsp;<em>'Josep Maria Brugal, un arquitecte del segle XX a la Seu d\u2019Urgell i Andorra'<\/em>, a c\u00e0rrec de&nbsp;<strong>N\u00faria Gasc\u00f3n Molin\u00e9<\/strong>.&nbsp;<\/li>\n<\/ul>\n\n\n\n<p class=\"wp-block-paragraph\"><strong>Difusi\u00f3 i participaci\u00f3<\/strong><\/p>\n\n\n\n<p class=\"wp-block-paragraph\">Amb la voluntat d\u2019apropar la recerca a un p\u00fablic m\u00e9s ampli, totes les sessions seran enregistrades i es podran consultar posteriorment al canal de&nbsp;<strong>YouTube de l\u2019Espai Ermengol<\/strong>.<\/p>\n\n\n\n<p class=\"wp-block-paragraph\">L\u2019organitzaci\u00f3 convida a tothom a assistir-hi per descobrir el talent dels i de les nostres joves investigadors i investigadores i participar en un espai d\u2019intercanvi de coneixements clau per al futur de la nostra societat.<\/p>","protected":false},"featured_media":3483,"parent":0,"menu_order":0,"template":"","format":"standard","meta":[],"tags":[],"activitats-recurrents":[],"class_list":["post-3486","noticies","type-noticies","status-publish","format-standard","has-post-thumbnail","hentry"],"yoast_head":"<!-- This site is optimized with the Yoast SEO plugin v28.1 - https:\/\/yoast.com\/product\/yoast-seo-wordpress\/ -->\n<title>Nova edici\u00f3 del cicle \u00abRecerca Jove\u00bb durant el mes d\u2019abril | Espai Ermengol<\/title>\n<meta name=\"robots\" content=\"index, follow, max-snippet:-1, max-image-preview:large, max-video-preview:-1\" \/>\n<link rel=\"canonical\" href=\"https:\/\/espaiermengol.cat\/esp\/noticies\/nova-edicio-del-cicle-recerca-jove-durant-el-mes-dabril\/\" \/>\n<meta property=\"og:locale\" content=\"es_ES\" \/>\n<meta property=\"og:type\" content=\"article\" \/>\n<meta property=\"og:title\" content=\"Nova edici\u00f3 del cicle \u00abRecerca Jove\u00bb durant el mes d\u2019abril | Espai Ermengol\" \/>\n<meta property=\"og:description\" content=\"L\u2019Espai Ermengol i l\u2019Institut Joan Brudieu impulsen la divulgaci\u00f3 de la recerca local. L\u2019Espai Ermengol-Museu de la Ciutat de la Seu d\u2019Urgell, en col\u00b7laboraci\u00f3 amb l\u2019Institut Joan Brudieu, presenta una nova edici\u00f3 del cicle&nbsp;Recerca Jove, una iniciativa dedicada a donar veu i visibilitat als treballs de recerca realitzats per l\u2019alumnat de batxillerat del territori. Aquest [&hellip;]\" \/>\n<meta property=\"og:url\" content=\"https:\/\/espaiermengol.cat\/esp\/noticies\/nova-edicio-del-cicle-recerca-jove-durant-el-mes-dabril\/\" \/>\n<meta property=\"og:site_name\" content=\"Espai Ermengol\" \/>\n<meta property=\"article:publisher\" content=\"https:\/\/www.facebook.com\/espai.ermengol\" \/>\n<meta property=\"article:modified_time\" content=\"2026-03-31T16:12:53+00:00\" \/>\n<meta property=\"og:image\" content=\"https:\/\/espaiermengol.cat\/wp-content\/uploads\/2026\/03\/RECERCAJOVE26.jpg\" \/>\n\t<meta property=\"og:image:width\" content=\"849\" \/>\n\t<meta property=\"og:image:height\" content=\"1200\" \/>\n\t<meta property=\"og:image:type\" content=\"image\/jpeg\" \/>\n<meta name=\"twitter:card\" content=\"summary_large_image\" \/>\n<meta name=\"twitter:site\" content=\"@espaiermengol\" \/>\n<meta name=\"twitter:label1\" content=\"Tiempo de lectura\" \/>\n\t<meta name=\"twitter:data1\" content=\"2 minutos\" \/>\n<script type=\"application\/ld+json\" class=\"yoast-schema-graph\">{\"@context\":\"https:\\\/\\\/schema.org\",\"@graph\":[{\"@type\":\"WebPage\",\"@id\":\"https:\\\/\\\/espaiermengol.cat\\\/noticies\\\/nova-edicio-del-cicle-recerca-jove-durant-el-mes-dabril\\\/\",\"url\":\"https:\\\/\\\/espaiermengol.cat\\\/noticies\\\/nova-edicio-del-cicle-recerca-jove-durant-el-mes-dabril\\\/\",\"name\":\"Nova edici\u00f3 del cicle \u00abRecerca Jove\u00bb durant el mes d\u2019abril | Espai Ermengol\",\"isPartOf\":{\"@id\":\"https:\\\/\\\/espaiermengol.cat\\\/#website\"},\"primaryImageOfPage\":{\"@id\":\"https:\\\/\\\/espaiermengol.cat\\\/noticies\\\/nova-edicio-del-cicle-recerca-jove-durant-el-mes-dabril\\\/#primaryimage\"},\"image\":{\"@id\":\"https:\\\/\\\/espaiermengol.cat\\\/noticies\\\/nova-edicio-del-cicle-recerca-jove-durant-el-mes-dabril\\\/#primaryimage\"},\"thumbnailUrl\":\"https:\\\/\\\/espaiermengol.cat\\\/wp-content\\\/uploads\\\/2026\\\/03\\\/RECERCAJOVE26.jpg\",\"datePublished\":\"2026-03-31T16:12:23+00:00\",\"dateModified\":\"2026-03-31T16:12:53+00:00\",\"breadcrumb\":{\"@id\":\"https:\\\/\\\/espaiermengol.cat\\\/noticies\\\/nova-edicio-del-cicle-recerca-jove-durant-el-mes-dabril\\\/#breadcrumb\"},\"inLanguage\":\"es\",\"potentialAction\":[{\"@type\":\"ReadAction\",\"target\":[\"https:\\\/\\\/espaiermengol.cat\\\/noticies\\\/nova-edicio-del-cicle-recerca-jove-durant-el-mes-dabril\\\/\"]}]},{\"@type\":\"ImageObject\",\"inLanguage\":\"es\",\"@id\":\"https:\\\/\\\/espaiermengol.cat\\\/noticies\\\/nova-edicio-del-cicle-recerca-jove-durant-el-mes-dabril\\\/#primaryimage\",\"url\":\"https:\\\/\\\/espaiermengol.cat\\\/wp-content\\\/uploads\\\/2026\\\/03\\\/RECERCAJOVE26.jpg\",\"contentUrl\":\"https:\\\/\\\/espaiermengol.cat\\\/wp-content\\\/uploads\\\/2026\\\/03\\\/RECERCAJOVE26.jpg\",\"width\":849,\"height\":1200},{\"@type\":\"BreadcrumbList\",\"@id\":\"https:\\\/\\\/espaiermengol.cat\\\/noticies\\\/nova-edicio-del-cicle-recerca-jove-durant-el-mes-dabril\\\/#breadcrumb\",\"itemListElement\":[{\"@type\":\"ListItem\",\"position\":1,\"name\":\"Inici\",\"item\":\"https:\\\/\\\/espaiermengol.cat\\\/\"},{\"@type\":\"ListItem\",\"position\":2,\"name\":\"Not\u00edcies\",\"item\":\"https:\\\/\\\/espaiermengol.cat\\\/esp\\\/noticies\\\/\"},{\"@type\":\"ListItem\",\"position\":3,\"name\":\"Nova edici\u00f3 del cicle \u00abRecerca Jove\u00bb durant el mes d\u2019abril\"}]},{\"@type\":\"WebSite\",\"@id\":\"https:\\\/\\\/espaiermengol.cat\\\/#website\",\"url\":\"https:\\\/\\\/espaiermengol.cat\\\/\",\"name\":\"Espai Ermengol\",\"description\":\"Museu de la Seu d&#039;Urgell\",\"publisher\":{\"@id\":\"https:\\\/\\\/espaiermengol.cat\\\/#organization\"},\"potentialAction\":[{\"@type\":\"SearchAction\",\"target\":{\"@type\":\"EntryPoint\",\"urlTemplate\":\"https:\\\/\\\/espaiermengol.cat\\\/?s={search_term_string}\"},\"query-input\":{\"@type\":\"PropertyValueSpecification\",\"valueRequired\":true,\"valueName\":\"search_term_string\"}}],\"inLanguage\":\"es\"},{\"@type\":\"Organization\",\"@id\":\"https:\\\/\\\/espaiermengol.cat\\\/#organization\",\"name\":\"Espai Ermengol\",\"url\":\"https:\\\/\\\/espaiermengol.cat\\\/\",\"logo\":{\"@type\":\"ImageObject\",\"inLanguage\":\"es\",\"@id\":\"https:\\\/\\\/espaiermengol.cat\\\/#\\\/schema\\\/logo\\\/image\\\/\",\"url\":\"https:\\\/\\\/espaiermengol.cat\\\/wp-content\\\/uploads\\\/2021\\\/06\\\/EE_22des_identitat-apaisat-opt250x130.jpg\",\"contentUrl\":\"https:\\\/\\\/espaiermengol.cat\\\/wp-content\\\/uploads\\\/2021\\\/06\\\/EE_22des_identitat-apaisat-opt250x130.jpg\",\"width\":250,\"height\":130,\"caption\":\"Espai Ermengol\"},\"image\":{\"@id\":\"https:\\\/\\\/espaiermengol.cat\\\/#\\\/schema\\\/logo\\\/image\\\/\"},\"sameAs\":[\"https:\\\/\\\/www.facebook.com\\\/espai.ermengol\",\"https:\\\/\\\/x.com\\\/espaiermengol\",\"https:\\\/\\\/www.instagram.com\\\/museuciutatdurgell\\\/\",\"https:\\\/\\\/www.youtube.com\\\/channel\\\/UCy3kJD8tOtnnp2q7diy_7Hg\",\"https:\\\/\\\/ca.wikipedia.org\\\/wiki\\\/Espai_Ermengol\"]}]}<\/script>\n<!-- \/ Yoast SEO plugin. -->","yoast_head_json":{"title":"Nova edici\u00f3 del cicle \u00abRecerca Jove\u00bb durant el mes d\u2019abril | Espai Ermengol","robots":{"index":"index","follow":"follow","max-snippet":"max-snippet:-1","max-image-preview":"max-image-preview:large","max-video-preview":"max-video-preview:-1"},"canonical":"https:\/\/espaiermengol.cat\/esp\/noticies\/nova-edicio-del-cicle-recerca-jove-durant-el-mes-dabril\/","og_locale":"es_ES","og_type":"article","og_title":"Nova edici\u00f3 del cicle \u00abRecerca Jove\u00bb durant el mes d\u2019abril | Espai Ermengol","og_description":"L\u2019Espai Ermengol i l\u2019Institut Joan Brudieu impulsen la divulgaci\u00f3 de la recerca local. L\u2019Espai Ermengol-Museu de la Ciutat de la Seu d\u2019Urgell, en col\u00b7laboraci\u00f3 amb l\u2019Institut Joan Brudieu, presenta una nova edici\u00f3 del cicle&nbsp;Recerca Jove, una iniciativa dedicada a donar veu i visibilitat als treballs de recerca realitzats per l\u2019alumnat de batxillerat del territori. Aquest [&hellip;]","og_url":"https:\/\/espaiermengol.cat\/esp\/noticies\/nova-edicio-del-cicle-recerca-jove-durant-el-mes-dabril\/","og_site_name":"Espai Ermengol","article_publisher":"https:\/\/www.facebook.com\/espai.ermengol","article_modified_time":"2026-03-31T16:12:53+00:00","og_image":[{"width":849,"height":1200,"url":"https:\/\/espaiermengol.cat\/wp-content\/uploads\/2026\/03\/RECERCAJOVE26.jpg","type":"image\/jpeg"}],"twitter_card":"summary_large_image","twitter_site":"@espaiermengol","twitter_misc":{"Tiempo de lectura":"2 minutos"},"schema":{"@context":"https:\/\/schema.org","@graph":[{"@type":"WebPage","@id":"https:\/\/espaiermengol.cat\/noticies\/nova-edicio-del-cicle-recerca-jove-durant-el-mes-dabril\/","url":"https:\/\/espaiermengol.cat\/noticies\/nova-edicio-del-cicle-recerca-jove-durant-el-mes-dabril\/","name":"Nova edici\u00f3 del cicle \u00abRecerca Jove\u00bb durant el mes d\u2019abril | Espai Ermengol","isPartOf":{"@id":"https:\/\/espaiermengol.cat\/#website"},"primaryImageOfPage":{"@id":"https:\/\/espaiermengol.cat\/noticies\/nova-edicio-del-cicle-recerca-jove-durant-el-mes-dabril\/#primaryimage"},"image":{"@id":"https:\/\/espaiermengol.cat\/noticies\/nova-edicio-del-cicle-recerca-jove-durant-el-mes-dabril\/#primaryimage"},"thumbnailUrl":"https:\/\/espaiermengol.cat\/wp-content\/uploads\/2026\/03\/RECERCAJOVE26.jpg","datePublished":"2026-03-31T16:12:23+00:00","dateModified":"2026-03-31T16:12:53+00:00","breadcrumb":{"@id":"https:\/\/espaiermengol.cat\/noticies\/nova-edicio-del-cicle-recerca-jove-durant-el-mes-dabril\/#breadcrumb"},"inLanguage":"es","potentialAction":[{"@type":"ReadAction","target":["https:\/\/espaiermengol.cat\/noticies\/nova-edicio-del-cicle-recerca-jove-durant-el-mes-dabril\/"]}]},{"@type":"ImageObject","inLanguage":"es","@id":"https:\/\/espaiermengol.cat\/noticies\/nova-edicio-del-cicle-recerca-jove-durant-el-mes-dabril\/#primaryimage","url":"https:\/\/espaiermengol.cat\/wp-content\/uploads\/2026\/03\/RECERCAJOVE26.jpg","contentUrl":"https:\/\/espaiermengol.cat\/wp-content\/uploads\/2026\/03\/RECERCAJOVE26.jpg","width":849,"height":1200},{"@type":"BreadcrumbList","@id":"https:\/\/espaiermengol.cat\/noticies\/nova-edicio-del-cicle-recerca-jove-durant-el-mes-dabril\/#breadcrumb","itemListElement":[{"@type":"ListItem","position":1,"name":"Inici","item":"https:\/\/espaiermengol.cat\/"},{"@type":"ListItem","position":2,"name":"Not\u00edcies","item":"https:\/\/espaiermengol.cat\/esp\/noticies\/"},{"@type":"ListItem","position":3,"name":"Nova edici\u00f3 del cicle \u00abRecerca Jove\u00bb durant el mes d\u2019abril"}]},{"@type":"WebSite","@id":"https:\/\/espaiermengol.cat\/#website","url":"https:\/\/espaiermengol.cat\/","name":"Espai Ermengol","description":"Museu de la Seu d&#039;Urgell","publisher":{"@id":"https:\/\/espaiermengol.cat\/#organization"},"potentialAction":[{"@type":"SearchAction","target":{"@type":"EntryPoint","urlTemplate":"https:\/\/espaiermengol.cat\/?s={search_term_string}"},"query-input":{"@type":"PropertyValueSpecification","valueRequired":true,"valueName":"search_term_string"}}],"inLanguage":"es"},{"@type":"Organization","@id":"https:\/\/espaiermengol.cat\/#organization","name":"Espai Ermengol","url":"https:\/\/espaiermengol.cat\/","logo":{"@type":"ImageObject","inLanguage":"es","@id":"https:\/\/espaiermengol.cat\/#\/schema\/logo\/image\/","url":"https:\/\/espaiermengol.cat\/wp-content\/uploads\/2021\/06\/EE_22des_identitat-apaisat-opt250x130.jpg","contentUrl":"https:\/\/espaiermengol.cat\/wp-content\/uploads\/2021\/06\/EE_22des_identitat-apaisat-opt250x130.jpg","width":250,"height":130,"caption":"Espai Ermengol"},"image":{"@id":"https:\/\/espaiermengol.cat\/#\/schema\/logo\/image\/"},"sameAs":["https:\/\/www.facebook.com\/espai.ermengol","https:\/\/x.com\/espaiermengol","https:\/\/www.instagram.com\/museuciutatdurgell\/","https:\/\/www.youtube.com\/channel\/UCy3kJD8tOtnnp2q7diy_7Hg","https:\/\/ca.wikipedia.org\/wiki\/Espai_Ermengol"]}]}},"_links":{"self":[{"href":"https:\/\/espaiermengol.cat\/esp\/wp-json\/wp\/v2\/noticies\/3486","targetHints":{"allow":["GET"]}}],"collection":[{"href":"https:\/\/espaiermengol.cat\/esp\/wp-json\/wp\/v2\/noticies"}],"about":[{"href":"https:\/\/espaiermengol.cat\/esp\/wp-json\/wp\/v2\/types\/noticies"}],"wp:featuredmedia":[{"embeddable":true,"href":"https:\/\/espaiermengol.cat\/esp\/wp-json\/wp\/v2\/media\/3483"}],"wp:attachment":[{"href":"https:\/\/espaiermengol.cat\/esp\/wp-json\/wp\/v2\/media?parent=3486"}],"wp:term":[{"taxonomy":"post_tag","embeddable":true,"href":"https:\/\/espaiermengol.cat\/esp\/wp-json\/wp\/v2\/tags?post=3486"},{"taxonomy":"activitats-recurrents","embeddable":true,"href":"https:\/\/espaiermengol.cat\/esp\/wp-json\/wp\/v2\/activitats-recurrents?post=3486"}],"curies":[{"name":"wp","href":"https:\/\/api.w.org\/{rel}","templated":true}]}}